{"id":4671,"date":"2025-03-11T10:35:36","date_gmt":"2025-03-11T13:35:36","guid":{"rendered":"https:\/\/piedrasblancas-gob-ar-843854.hostingersite.com\/?p=4671"},"modified":"2025-03-11T10:35:36","modified_gmt":"2025-03-11T13:35:36","slug":"el-intendente-fabricio-gino-mesquida-abrio-el-periodo-de-sesiones-ordinarias-del-concejo-deliberante-de-piedras-blancas","status":"publish","type":"post","link":"https:\/\/piedrasblancas.gob.ar\/?p=4671","title":{"rendered":"El intendente Fabricio \u201cGino\u201d Mesquida abri\u00f3 el per\u00edodo de sesiones ordinarias del Concejo Deliberante de Piedras Blancas"},"content":{"rendered":"\n<p><strong>El acto se desarroll\u00f3 este Lunes a la hora 20,\u00a0 en el Centro Cultural Oscar \u201cRingo\u201d Maidana , y cont\u00f3 con la presencia de la viceintendenta y presidenta del Concejo Deliberante, Laura Ibarra; concejales; dem\u00e1s autoridades y vecinas y vecinos de la localidad.<\/strong><\/p>\n\n\n\n<p>Al comenzar su discurso el presidente municipal se\u00f1al\u00f3 <strong>\u201dNadie escapa de la dif\u00edcil situaci\u00f3n econ\u00f3mica en la que nos encontramos. El preocupante escenario de los gobiernos locales frente a los feroces recortes del Gobierno Nacional; la paralizaci\u00f3n de la obra p\u00fablica nacional, la falta de inversi\u00f3n por parte de la naci\u00f3n, la falta de impulso de programas nacionales y la paralizaci\u00f3n de la transferencia de recursos por parte del gobierno nacional han afectado notablemente a todos los municipios entrerrianos\u201d.<\/strong><\/p>\n\n\n\n<p><strong>\u201cDebemos resaltar que la inversi\u00f3n y aporte nacional \u201cmotosierra de por medio\u201d es pr\u00e1cticamente nula y los gobiernos locales debemos hacernos cargo de cada vez m\u00e1s funciones ya sea de competencia espec\u00edfica local o no\u201d enfatiz\u00f3.<\/strong><\/p>\n\n\n\n<figure class=\"wp-block-image alignwide size-full\"><img loading=\"lazy\" decoding=\"async\" width=\"768\" height=\"671\" src=\"https:\/\/piedrasblancas-gob-ar-843854.hostingersite.com\/wp-content\/uploads\/2025\/03\/s2.jpg\" alt=\"\" class=\"wp-image-4673\" srcset=\"https:\/\/piedrasblancas.gob.ar\/wp-content\/uploads\/2025\/03\/s2.jpg 768w, https:\/\/piedrasblancas.gob.ar\/wp-content\/uploads\/2025\/03\/s2-300x262.jpg 300w\" sizes=\"(max-width: 768px) 100vw, 768px\" \/><\/figure>\n\n\n\n<p>En su discurso, al realizar la apertura del 14\u00b0&nbsp; per\u00edodo de sesiones ordinarias del Concejo Deliberante de Piedras Blancas, el intendente \u201cGino\u201d Mesquida realiz\u00f3 un pormenorizado detalle de los ejes m\u00e1s importantes de las pol\u00edticas p\u00fablicas y gestiones ejecutadas en cada una de las \u00e1reas municipales durante el 2024 y expuso los desaf\u00edos y metas para este a\u00f1o.<\/p>\n\n\n\n<p>En el aspecto econ\u00f3mico financiero Mesquida destac\u00f3 que los empleados municipales durante el 2024 vieron incrementados sus haberes en un 150%, adem\u00e1s de la incorporaci\u00f3n de los adicionales no remunerativos que percib\u00edan al sueldo b\u00e1sico.<\/p>\n\n\n\n<p><strong>\u201cPese a los recortes y la dif\u00edcil situaci\u00f3n econ\u00f3mica, \u00a0hemos cerrado el ejercicio 2024 con super\u00e1vit fiscal, un logro de la gesti\u00f3n que alcanzamos gracias a un manejo austero y preventivo de los recursos, adem\u00e1s hemos cerrado el per\u00edodo \u00a0sin deudas y con el cr\u00e9dito en d\u00f3lares heredado de la gesti\u00f3n anterior al d\u00eda\u201d, remarc\u00f3<\/strong>.<\/p>\n\n\n\n<p>Finalizando su discurso el Intendente expres\u00f3 \u00a0<strong>\u201cDebemos poner mayor \u00e9nfasis en el trabajo en conjunto\u00a0 y en la b\u00fasqueda de consensos como agenda de trabajo com\u00fan que nos permitan ofrecer a la ciudadan\u00eda lo mejor de cada estamento de gobierno Municipio, Provincia y Naci\u00f3n, es primordial que el buen dialogo se replique en \u00e1mbito local con responsabilidad y madurez pol\u00edtica, donde cada uno pueda plasmar sus ideas pero sin perder de vista que lo m\u00e1s importante es la ciudadan\u00eda, quienes son destinatarios de nuestros actos y de nuestras pol\u00edticas p\u00fablicas. Vengo sosteniendo hace ya mucho tiempo que reconocer los aciertos de una gesti\u00f3n no nos debilita cuando somos \u00a0oposici\u00f3n, por el contrario demuestra la madurez y la lucidez pol\u00edtica para lograr los consensos necesarios, fundamentalmente en \u00e9pocas dif\u00edciles como las que estamos atravesando\u201d<\/strong><\/p>\n\n\n\n<p><strong>\u201cHoy la prioridad es acompa\u00f1ar a nuestros vecinos y vecinas poniendo lo mejor de nosotros para llevar soluciones reales, sin confrontamientos vanos y peleas sin sentido, encontraran en m\u00ed y en los responsables de cada \u00e1rea que me acompa\u00f1an, una gesti\u00f3n de puertas abiertas para encontrar respuestas y soluciones\u201d<\/strong><\/p>\n\n\n\n<p><strong>\u201cConf\u00edo que desde el Concejo Deliberante llevaran adelante una tarea guiada por la responsabilidad y por la contracci\u00f3n al trabajo, donde el respeto hacia los vecinos que los han elegido sea el faro que los gu\u00ede, e invito a los concejales de la oposici\u00f3n a concurrir a sesionar, a comisiones, a sesiones especiales, a sesiones extraordinarias, aunque sea en disenso, pero que vengan a trabajar\u201d<\/strong>, expreso Mesquida al momento de dejar formalmente inaugurado el periodo de sesiones ordinarias del Concejo Deliberante para este 2025.<\/p>\n<div class=\"pdfprnt-buttons pdfprnt-buttons-post pdfprnt-bottom-left\"><a href=\"https:\/\/piedrasblancas.gob.ar\/index.php?rest_route=wpv2posts4671&print=pdf\" class=\"pdfprnt-button pdfprnt-button-pdf\" target=\"_blank\"><img decoding=\"async\" src=\"https:\/\/piedrasblancas-gob-ar-843854.hostingersite.com\/wp-content\/plugins\/pdf-print\/images\/pdf.png\" alt=\"image_pdf\" title=\"Ver PDF\" \/><span class=\"pdfprnt-button-title pdfprnt-button-pdf-title\">Convertir a PDF<\/span><\/a><a href=\"https:\/\/piedrasblancas.gob.ar\/index.php?rest_route=wpv2posts4671&print=print\" class=\"pdfprnt-button pdfprnt-button-print\" target=\"_blank\"><img decoding=\"async\" src=\"https:\/\/piedrasblancas-gob-ar-843854.hostingersite.com\/wp-content\/plugins\/pdf-print\/images\/print.png\" alt=\"image_print\" title=\"Imprimir contenido\" \/><span class=\"pdfprnt-button-title pdfprnt-button-print-title\">Imprimir<\/span><\/a><\/div>","protected":false},"excerpt":{"rendered":"<p>El acto se desarroll\u00f3 este Lunes a la hora 20,\u00a0 en el Centro Cultural Oscar \u201cRingo\u201d Maidana , y cont\u00f3 con la presencia de la viceintendenta y presidenta del Concejo Deliberante, Laura Ibarra; concejales; dem\u00e1s autoridades y vecinas y vecinos de la localidad. Al comenzar su discurso el presidente municipal se\u00f1al\u00f3 \u201dNadie escapa de la dif\u00edcil situaci\u00f3n econ\u00f3mica en la que nos encontramos. El preocupante escenario de los gobiernos locales frente a los feroces recortes del Gobierno Nacional; la paralizaci\u00f3n [&hellip;]<\/p>\n","protected":false},"author":1,"featured_media":4672,"comment_status":"closed","ping_status":"closed","sticky":false,"template":"","format":"standard","meta":{"saved_in_kubio":false,"footnotes":""},"categories":[1],"tags":[],"class_list":["post-4671","post","type-post","status-publish","format-standard","has-post-thumbnail","hentry","category-informacion","travel-monster-post","latest_post"],"_links":{"self":[{"href":"https:\/\/piedrasblancas.gob.ar\/index.php?rest_route=\/wp\/v2\/posts\/4671","targetHints":{"allow":["GET"]}}],"collection":[{"href":"https:\/\/piedrasblancas.gob.ar\/index.php?rest_route=\/wp\/v2\/posts"}],"about":[{"href":"https:\/\/piedrasblancas.gob.ar\/index.php?rest_route=\/wp\/v2\/types\/post"}],"author":[{"embeddable":true,"href":"https:\/\/piedrasblancas.gob.ar\/index.php?rest_route=\/wp\/v2\/users\/1"}],"replies":[{"embeddable":true,"href":"https:\/\/piedrasblancas.gob.ar\/index.php?rest_route=%2Fwp%2Fv2%2Fcomments&post=4671"}],"version-history":[{"count":1,"href":"https:\/\/piedrasblancas.gob.ar\/index.php?rest_route=\/wp\/v2\/posts\/4671\/revisions"}],"predecessor-version":[{"id":4674,"href":"https:\/\/piedrasblancas.gob.ar\/index.php?rest_route=\/wp\/v2\/posts\/4671\/revisions\/4674"}],"wp:featuredmedia":[{"embeddable":true,"href":"https:\/\/piedrasblancas.gob.ar\/index.php?rest_route=\/wp\/v2\/media\/4672"}],"wp:attachment":[{"href":"https:\/\/piedrasblancas.gob.ar\/index.php?rest_route=%2Fwp%2Fv2%2Fmedia&parent=4671"}],"wp:term":[{"taxonomy":"category","embeddable":true,"href":"https:\/\/piedrasblancas.gob.ar\/index.php?rest_route=%2Fwp%2Fv2%2Fcategories&post=4671"},{"taxonomy":"post_tag","embeddable":true,"href":"https:\/\/piedrasblancas.gob.ar\/index.php?rest_route=%2Fwp%2Fv2%2Ftags&post=4671"}],"curies":[{"name":"wp","href":"https:\/\/api.w.org\/{rel}","templated":true}]}}