{"id":4666,"date":"2025-02-26T07:34:27","date_gmt":"2025-02-26T10:34:27","guid":{"rendered":"https:\/\/piedrasblancas-gob-ar-843854.hostingersite.com\/?p=4666"},"modified":"2025-02-26T07:34:29","modified_gmt":"2025-02-26T10:34:29","slug":"concurso-de-fotografia-retrata-a-esa-mujer","status":"publish","type":"post","link":"https:\/\/piedrasblancas.gob.ar\/?p=4666","title":{"rendered":"Concurso de Fotograf\u00eda \u00abRetrata a esa Mujer\u00bb"},"content":{"rendered":"\n<p>En el marco del D\u00eda Internacional de la Mujer, la Municipalidad de Piedras Blancas, junto al \u00c1rea de Cultura, invita a la comunidad a participar del concurso fotogr\u00e1fico \u00abRetrata a esa Mujer\u00bb, una iniciativa para homenajear y visibilizar a las mujeres que inspiran, marcan caminos y dejan huella en nuestras vidas.<\/p>\n\n\n\n<p><a><\/a>Bases y Condiciones<\/p>\n\n\n\n<p>1. Tem\u00e1tica: La fotograf\u00eda deber\u00e1 retratar a una mujer que el\/la participante admire o considere una fuente de inspiraci\u00f3n.<\/p>\n\n\n\n<p>2. Participantes: Podr\u00e1n participar personas mayores de 18 a\u00f1os, residente de Piedras Blancas<\/p>\n\n\n\n<p>3. Formato y Presentaci\u00f3n: Cada participante podr\u00e1 enviar una \u00fanica fotograf\u00eda en formato JPG o PNG con una resoluci\u00f3n m\u00ednima de 1920&#215;1080 p\u00edxeles.<\/p>\n\n\n\n<p>La imagen deber\u00e1 enviarse al correo culturapiedrasblancas@gmail.com con el asunto \u00abConcurso Fotogr\u00e1fico D\u00eda de la Mujer\u00bb.<\/p>\n\n\n\n<p>En el cuerpo del correo se deben incluir:<\/p>\n\n\n\n<p>T\u00edtulo de la fotograf\u00eda<\/p>\n\n\n\n<p>Seud\u00f3nimo del autor\/a<\/p>\n\n\n\n<p>Datos de contacto (nombre real, tel\u00e9fono y correo electr\u00f3nico, que no ser\u00e1n p\u00fablicos)<\/p>\n\n\n\n<p>Breve descripci\u00f3n de la foto (opcional, m\u00e1ximo 100 palabras)<\/p>\n\n\n\n<p>4. Derechos de imagen: Es responsabilidad del autor\/a contar con la autorizaci\u00f3n expresa de la persona retratada para la difusi\u00f3n de la imagen.<\/p>\n\n\n\n<p>5. Selecci\u00f3n y Premiaci\u00f3n: Todas las fotograf\u00edas que cumplan con las bases ser\u00e1n publicadas en la p\u00e1gina oficial de la Municipalidad.<\/p>\n\n\n\n<p>7. Fecha de presentaci\u00f3n: Las fotograf\u00edas se recepcionar\u00e1n hasta el d\u00eda 5 de marzo de 2025<\/p>\n\n\n\n<p>La fotograf\u00eda con mayor cantidad de \u00abMe Gusta\u00bb en la publicaci\u00f3n oficial ser\u00e1 la ganadora.<\/p>\n\n\n\n<p>Adem\u00e1s, un jurado especializado otorgar\u00e1 una Menci\u00f3n Especial a la foto m\u00e1s destacada por su calidad t\u00e9cnica y art\u00edstica.<\/p>\n<div class=\"pdfprnt-buttons pdfprnt-buttons-post pdfprnt-bottom-left\"><a href=\"https:\/\/piedrasblancas.gob.ar\/index.php?rest_route=wpv2posts4666&print=pdf\" class=\"pdfprnt-button pdfprnt-button-pdf\" target=\"_blank\"><img decoding=\"async\" src=\"https:\/\/piedrasblancas-gob-ar-843854.hostingersite.com\/wp-content\/plugins\/pdf-print\/images\/pdf.png\" alt=\"image_pdf\" title=\"Ver PDF\" \/><span class=\"pdfprnt-button-title pdfprnt-button-pdf-title\">Convertir a PDF<\/span><\/a><a href=\"https:\/\/piedrasblancas.gob.ar\/index.php?rest_route=wpv2posts4666&print=print\" class=\"pdfprnt-button pdfprnt-button-print\" target=\"_blank\"><img decoding=\"async\" src=\"https:\/\/piedrasblancas-gob-ar-843854.hostingersite.com\/wp-content\/plugins\/pdf-print\/images\/print.png\" alt=\"image_print\" title=\"Imprimir contenido\" \/><span class=\"pdfprnt-button-title pdfprnt-button-print-title\">Imprimir<\/span><\/a><\/div>","protected":false},"excerpt":{"rendered":"<p>En el marco del D\u00eda Internacional de la Mujer, la Municipalidad de Piedras Blancas, junto al \u00c1rea de Cultura, invita a la comunidad a participar del concurso fotogr\u00e1fico \u00abRetrata a esa Mujer\u00bb, una iniciativa para homenajear y visibilizar a las mujeres que inspiran, marcan caminos y dejan huella en nuestras vidas. Bases y Condiciones 1. Tem\u00e1tica: La fotograf\u00eda deber\u00e1 retratar a una mujer que el\/la participante admire o considere una fuente de inspiraci\u00f3n. 2. Participantes: Podr\u00e1n participar personas mayores de [&hellip;]<\/p>\n","protected":false},"author":1,"featured_media":4667,"comment_status":"closed","ping_status":"closed","sticky":false,"template":"","format":"standard","meta":{"saved_in_kubio":false,"footnotes":""},"categories":[40],"tags":[],"class_list":["post-4666","post","type-post","status-publish","format-standard","has-post-thumbnail","hentry","category-cultura","travel-monster-post","latest_post"],"_links":{"self":[{"href":"https:\/\/piedrasblancas.gob.ar\/index.php?rest_route=\/wp\/v2\/posts\/4666","targetHints":{"allow":["GET"]}}],"collection":[{"href":"https:\/\/piedrasblancas.gob.ar\/index.php?rest_route=\/wp\/v2\/posts"}],"about":[{"href":"https:\/\/piedrasblancas.gob.ar\/index.php?rest_route=\/wp\/v2\/types\/post"}],"author":[{"embeddable":true,"href":"https:\/\/piedrasblancas.gob.ar\/index.php?rest_route=\/wp\/v2\/users\/1"}],"replies":[{"embeddable":true,"href":"https:\/\/piedrasblancas.gob.ar\/index.php?rest_route=%2Fwp%2Fv2%2Fcomments&post=4666"}],"version-history":[{"count":1,"href":"https:\/\/piedrasblancas.gob.ar\/index.php?rest_route=\/wp\/v2\/posts\/4666\/revisions"}],"predecessor-version":[{"id":4668,"href":"https:\/\/piedrasblancas.gob.ar\/index.php?rest_route=\/wp\/v2\/posts\/4666\/revisions\/4668"}],"wp:featuredmedia":[{"embeddable":true,"href":"https:\/\/piedrasblancas.gob.ar\/index.php?rest_route=\/wp\/v2\/media\/4667"}],"wp:attachment":[{"href":"https:\/\/piedrasblancas.gob.ar\/index.php?rest_route=%2Fwp%2Fv2%2Fmedia&parent=4666"}],"wp:term":[{"taxonomy":"category","embeddable":true,"href":"https:\/\/piedrasblancas.gob.ar\/index.php?rest_route=%2Fwp%2Fv2%2Fcategories&post=4666"},{"taxonomy":"post_tag","embeddable":true,"href":"https:\/\/piedrasblancas.gob.ar\/index.php?rest_route=%2Fwp%2Fv2%2Ftags&post=4666"}],"curies":[{"name":"wp","href":"https:\/\/api.w.org\/{rel}","templated":true}]}}