{"id":4108,"date":"2024-07-29T11:55:34","date_gmt":"2024-07-29T14:55:34","guid":{"rendered":"https:\/\/piedrasblancas-gob-ar-843854.hostingersite.com\/?p=4108"},"modified":"2024-07-29T11:55:34","modified_gmt":"2024-07-29T14:55:34","slug":"el-intendente-mesquida-decreto-un-nuevo-aumento-para-todo-el-personal-municipal","status":"publish","type":"post","link":"https:\/\/piedrasblancas.gob.ar\/?p=4108","title":{"rendered":"El Intendente Mesquida decret\u00f3 un nuevo aumento para todo el personal municipal"},"content":{"rendered":"\n<p>El Intendente Municipal de Piedras Blancas Fabricio \u201cGino\u201d Mesquida decreto un incremento salarial del 15%: El aumento alcanza a todas las categor\u00edas del escalaf\u00f3n municipal y&nbsp; ser\u00e1 percibido por los agentes con la liquidaci\u00f3n de sueldos del mes de Julio.<\/p>\n\n\n\n<p>En ese sentido Mesquida, remarc\u00f3 en la importancia de esta medida \u201cpermite por un lado continuar gan\u00e1ndole a la inflaci\u00f3n y por otra, y no menos importante, reconocer el enorme trabajo de nuestros empleados municipales que son clave para el desarrollo de la gesti\u00f3n local\u201d.<\/p>\n\n\n\n<p>Este aumento es el quinto en lo que va de este a\u00f1o ya que en el mes de enero, Mesquida decret\u00f3 un incremento el 15%, en febrero el aumento fue de un 20%, en abril el incremento fue de 20%, en mayo alcanz\u00f3 un 15%, con el aumento que percibir\u00e1 el personal municipal &nbsp;con los haberes de julio acumula por todo concepto <strong>un 119% en la mejora de los ingresos de todo el personal<\/strong>, en lo que va de este 2024.<\/p>\n<div class=\"pdfprnt-buttons pdfprnt-buttons-post pdfprnt-bottom-left\"><a href=\"https:\/\/piedrasblancas.gob.ar\/index.php?rest_route=wpv2posts4108&print=pdf\" class=\"pdfprnt-button pdfprnt-button-pdf\" target=\"_blank\"><img decoding=\"async\" src=\"https:\/\/piedrasblancas-gob-ar-843854.hostingersite.com\/wp-content\/plugins\/pdf-print\/images\/pdf.png\" alt=\"image_pdf\" title=\"Ver PDF\" \/><span class=\"pdfprnt-button-title pdfprnt-button-pdf-title\">Convertir a PDF<\/span><\/a><a href=\"https:\/\/piedrasblancas.gob.ar\/index.php?rest_route=wpv2posts4108&print=print\" class=\"pdfprnt-button pdfprnt-button-print\" target=\"_blank\"><img decoding=\"async\" src=\"https:\/\/piedrasblancas-gob-ar-843854.hostingersite.com\/wp-content\/plugins\/pdf-print\/images\/print.png\" alt=\"image_print\" title=\"Imprimir contenido\" \/><span class=\"pdfprnt-button-title pdfprnt-button-print-title\">Imprimir<\/span><\/a><\/div>","protected":false},"excerpt":{"rendered":"<p>El Intendente Municipal de Piedras Blancas Fabricio \u201cGino\u201d Mesquida decreto un incremento salarial del 15%: El aumento alcanza a todas las categor\u00edas del escalaf\u00f3n municipal y&nbsp; ser\u00e1 percibido por los agentes con la liquidaci\u00f3n de sueldos del mes de Julio. En ese sentido Mesquida, remarc\u00f3 en la importancia de esta medida \u201cpermite por un lado continuar gan\u00e1ndole a la inflaci\u00f3n y por otra, y no menos importante, reconocer el enorme trabajo de nuestros empleados municipales que son clave para el [&hellip;]<\/p>\n","protected":false},"author":1,"featured_media":4109,"comment_status":"closed","ping_status":"closed","sticky":false,"template":"","format":"standard","meta":{"saved_in_kubio":false,"footnotes":""},"categories":[1],"tags":[],"class_list":["post-4108","post","type-post","status-publish","format-standard","has-post-thumbnail","hentry","category-informacion","travel-monster-post","latest_post"],"_links":{"self":[{"href":"https:\/\/piedrasblancas.gob.ar\/index.php?rest_route=\/wp\/v2\/posts\/4108","targetHints":{"allow":["GET"]}}],"collection":[{"href":"https:\/\/piedrasblancas.gob.ar\/index.php?rest_route=\/wp\/v2\/posts"}],"about":[{"href":"https:\/\/piedrasblancas.gob.ar\/index.php?rest_route=\/wp\/v2\/types\/post"}],"author":[{"embeddable":true,"href":"https:\/\/piedrasblancas.gob.ar\/index.php?rest_route=\/wp\/v2\/users\/1"}],"replies":[{"embeddable":true,"href":"https:\/\/piedrasblancas.gob.ar\/index.php?rest_route=%2Fwp%2Fv2%2Fcomments&post=4108"}],"version-history":[{"count":1,"href":"https:\/\/piedrasblancas.gob.ar\/index.php?rest_route=\/wp\/v2\/posts\/4108\/revisions"}],"predecessor-version":[{"id":4110,"href":"https:\/\/piedrasblancas.gob.ar\/index.php?rest_route=\/wp\/v2\/posts\/4108\/revisions\/4110"}],"wp:featuredmedia":[{"embeddable":true,"href":"https:\/\/piedrasblancas.gob.ar\/index.php?rest_route=\/wp\/v2\/media\/4109"}],"wp:attachment":[{"href":"https:\/\/piedrasblancas.gob.ar\/index.php?rest_route=%2Fwp%2Fv2%2Fmedia&parent=4108"}],"wp:term":[{"taxonomy":"category","embeddable":true,"href":"https:\/\/piedrasblancas.gob.ar\/index.php?rest_route=%2Fwp%2Fv2%2Fcategories&post=4108"},{"taxonomy":"post_tag","embeddable":true,"href":"https:\/\/piedrasblancas.gob.ar\/index.php?rest_route=%2Fwp%2Fv2%2Ftags&post=4108"}],"curies":[{"name":"wp","href":"https:\/\/api.w.org\/{rel}","templated":true}]}}