{"id":3825,"date":"2024-07-10T09:51:03","date_gmt":"2024-07-10T12:51:03","guid":{"rendered":"https:\/\/piedrasblancas-gob-ar-843854.hostingersite.com\/?p=3825"},"modified":"2024-07-10T10:13:59","modified_gmt":"2024-07-10T13:13:59","slug":"maria-rosa-meyer-y-lazaro-ortiz-se-quedaron-con-la-edicion-2024-de-concurso-de-locreros","status":"publish","type":"post","link":"https:\/\/piedrasblancas.gob.ar\/?p=3825","title":{"rendered":"Mar\u00eda Rosa Meier y L\u00e1zaro Ort\u00edz se quedaron con la Edici\u00f3n 2024 de \u201cConcurso de Locreros\u201d"},"content":{"rendered":"\n<p><\/p>\n\n\n\n<p><strong>Ante un marco imponente de asistentes Piedras Blancas vivi\u00f3 una nueva edici\u00f3n del \u201cConcurso de Locreros\u201d donde los vialenses Maria Rosa Meyer y L\u00e1zaro Ortiz se quedaron con el primer puesto de la competencia, mientras que Griselda Mendez, Daniel Altamirano y Matias Rosales (Bloque de Concejales Juntos por Entre R\u00edos) de Piedras Blancas se quedaron con el segundo lugar.<\/strong><\/p>\n\n\n\n<p>Como ya es tradicional, se realiz\u00f3 en el Polideportivo Municipal de Piedras Blancas la edici\u00f3n 2024 del \u201cConcurso de Locreros\u201d. Diez equipos participaron del concurso Mario Kushaus \u2013 Rodrigo Vega (Piedras Blancas), Daniel Mi\u00f1o \u2013 Ulises Velasquez (Hernandarias), Santiago Hennin \u2013 Marcelo Medina \u2013 Nora Gaitan (Piedras Blancas), Luis Varela \u2013 Emanuel Suigos (Piedras Blancas), &nbsp;Maria Rosa Meyer &#8211; L\u00e1zaro Ortiz (Viale), Griselda Mendez &#8211; Daniel Altamirano &#8211; Matias Rosales (Piedras Blancas), Melani Santini \u2013 Jeremias Santini \u2013 Paulo Ponce (Piedras Blancas), Magdalena Martinez \u2013 M\u00f3nica Benitez (Piedras Blancas), Uriel Gomez \u2013 Brisa Rosalez \u2013 Gimena G\u00f3mez (Piedras Blancas) y Emanuel Boschi \u2013 Hilda Quevedo en representaci\u00f3n de la Iglesia Adventista del 7mo D\u00eda.<\/p>\n\n\n\n<p>Maria Rosa Meier, ganadora del concurso, manifest\u00f3 que junto a su hijo L\u00e1zaro Ortiz se sienten muy felices y alagados de recibir el Primer Premio del Concurso, pero por sobre todo, haber brindado y compartido la gastronom\u00eda con tantos participantes, m\u00e1s all\u00e1 de los ingredientes que lleva tomamos la tradici\u00f3n familiar, lo transmitido de generaci\u00f3n en generaci\u00f3n que es lo m\u00e1s valioso\u201d, indic\u00f3. Los vialenses dejaron un saludo a todos los participantes e instan a todos aquellos que les guste la gastronom\u00eda a que se animen a participar de este gran evento para que no se pierda esta tradicional costumbre argentina.<\/p>\n\n\n\n<p>Por su parte, Daniel Altamirano integrante del equipo que se qued\u00f3 con el segundo lugar indic\u00f3 estar muy contento, \u201ces la primera vez que participo de un concurso de este estilo\u201d se\u00f1alo y agreg\u00f3 \u201cme gusta mucho la cocina, as\u00ed que por ah\u00ed ayudo un poco eso, pero la verdad que en conjunto participamos muy bien los tres, cada uno cumpli\u00f3 con su rol, as\u00ed que sali\u00f3 todo perfecto\u201d. Adem\u00e1s se\u00f1alaron que el premio ser\u00e1 donado a la Escuela Primaria y a la Secundaria de nuestra localidad.<\/p>\n\n\n\n<p>El Intendente Fabricio \u201cGino\u201d Mesquida destac\u00f3 el notable crecimiento que viene registrando esta fiesta, edici\u00f3n tras edici\u00f3n, la cual \u00a0ya se instal\u00f3 como una de las m\u00e1s convocantes de toda la regi\u00f3n, felicit\u00f3 a todos los participantes del concurso por su gran esmero en elaborar y presentar su plato ante el jurado, valor\u00f3 el trabajo, la dedicaci\u00f3n y el compromiso de todos quienes de una u otra manera aportan su granito para que todo salga de la mejor manera y para que la gente disfrute de una gastronom\u00eda de excelencia y de los shows art\u00edsticos.<\/p>\n<div class=\"pdfprnt-buttons pdfprnt-buttons-post pdfprnt-bottom-left\"><a href=\"https:\/\/piedrasblancas.gob.ar\/index.php?rest_route=wpv2posts3825&print=pdf\" class=\"pdfprnt-button pdfprnt-button-pdf\" target=\"_blank\"><img decoding=\"async\" src=\"https:\/\/piedrasblancas-gob-ar-843854.hostingersite.com\/wp-content\/plugins\/pdf-print\/images\/pdf.png\" alt=\"image_pdf\" title=\"Ver PDF\" \/><span class=\"pdfprnt-button-title pdfprnt-button-pdf-title\">Convertir a PDF<\/span><\/a><a href=\"https:\/\/piedrasblancas.gob.ar\/index.php?rest_route=wpv2posts3825&print=print\" class=\"pdfprnt-button pdfprnt-button-print\" target=\"_blank\"><img decoding=\"async\" src=\"https:\/\/piedrasblancas-gob-ar-843854.hostingersite.com\/wp-content\/plugins\/pdf-print\/images\/print.png\" alt=\"image_print\" title=\"Imprimir contenido\" \/><span class=\"pdfprnt-button-title pdfprnt-button-print-title\">Imprimir<\/span><\/a><\/div>","protected":false},"excerpt":{"rendered":"<p>Ante un marco imponente de asistentes Piedras Blancas vivi\u00f3 una nueva edici\u00f3n del \u201cConcurso de Locreros\u201d donde los vialenses Maria Rosa Meyer y L\u00e1zaro Ortiz se quedaron con el primer puesto de la competencia, mientras que Griselda Mendez, Daniel Altamirano y Matias Rosales (Bloque de Concejales Juntos por Entre R\u00edos) de Piedras Blancas se quedaron con el segundo lugar. Como ya es tradicional, se realiz\u00f3 en el Polideportivo Municipal de Piedras Blancas la edici\u00f3n 2024 del \u201cConcurso de Locreros\u201d. Diez [&hellip;]<\/p>\n","protected":false},"author":1,"featured_media":3826,"comment_status":"closed","ping_status":"closed","sticky":false,"template":"","format":"standard","meta":{"saved_in_kubio":false,"footnotes":""},"categories":[38],"tags":[],"class_list":["post-3825","post","type-post","status-publish","format-standard","has-post-thumbnail","hentry","category-eventos","travel-monster-post","latest_post"],"_links":{"self":[{"href":"https:\/\/piedrasblancas.gob.ar\/index.php?rest_route=\/wp\/v2\/posts\/3825","targetHints":{"allow":["GET"]}}],"collection":[{"href":"https:\/\/piedrasblancas.gob.ar\/index.php?rest_route=\/wp\/v2\/posts"}],"about":[{"href":"https:\/\/piedrasblancas.gob.ar\/index.php?rest_route=\/wp\/v2\/types\/post"}],"author":[{"embeddable":true,"href":"https:\/\/piedrasblancas.gob.ar\/index.php?rest_route=\/wp\/v2\/users\/1"}],"replies":[{"embeddable":true,"href":"https:\/\/piedrasblancas.gob.ar\/index.php?rest_route=%2Fwp%2Fv2%2Fcomments&post=3825"}],"version-history":[{"count":4,"href":"https:\/\/piedrasblancas.gob.ar\/index.php?rest_route=\/wp\/v2\/posts\/3825\/revisions"}],"predecessor-version":[{"id":3831,"href":"https:\/\/piedrasblancas.gob.ar\/index.php?rest_route=\/wp\/v2\/posts\/3825\/revisions\/3831"}],"wp:featuredmedia":[{"embeddable":true,"href":"https:\/\/piedrasblancas.gob.ar\/index.php?rest_route=\/wp\/v2\/media\/3826"}],"wp:attachment":[{"href":"https:\/\/piedrasblancas.gob.ar\/index.php?rest_route=%2Fwp%2Fv2%2Fmedia&parent=3825"}],"wp:term":[{"taxonomy":"category","embeddable":true,"href":"https:\/\/piedrasblancas.gob.ar\/index.php?rest_route=%2Fwp%2Fv2%2Fcategories&post=3825"},{"taxonomy":"post_tag","embeddable":true,"href":"https:\/\/piedrasblancas.gob.ar\/index.php?rest_route=%2Fwp%2Fv2%2Ftags&post=3825"}],"curies":[{"name":"wp","href":"https:\/\/api.w.org\/{rel}","templated":true}]}}