{"id":3634,"date":"2024-06-26T09:44:02","date_gmt":"2024-06-26T12:44:02","guid":{"rendered":"https:\/\/piedrasblancas-gob-ar-843854.hostingersite.com\/?p=3634"},"modified":"2024-07-03T22:20:10","modified_gmt":"2024-07-04T01:20:10","slug":"centro-de-desarrollo-infantil-actividades-por-el-mes-del-medio-ambiente","status":"publish","type":"post","link":"https:\/\/piedrasblancas.gob.ar\/?p=3634","title":{"rendered":"Centro de Desarrollo Infantil | Actividades por el mes del Medio Ambiente"},"content":{"rendered":"\n<p>El 5 de Junio se celebra el D\u00eda Mundial del Medio Ambiente, establecido por la Organizaci\u00f3n de las Naciones Unidas (ONU) en 1972, este d\u00eda la ONU sensibiliza a la poblaci\u00f3n mundial en relaci\u00f3n a temas ambientales, en tal sentido desde el Jard\u00edn Maternal Municipal \u00abManitos Traviesas\u00bb, se desarrollan actividades relacionadas a este tema.<\/p>\n\n\n\n<p>En relaci\u00f3n a esto Maira Vel\u00e1zquez, docente de la Instituci\u00f3n se\u00f1al\u00f3 <a><\/a>\u201cEn el mes del Medio Ambiente en el Jard\u00edn Maternal \u00abManitos Traviesas\u00bb, venimos desarrollando actividades de reciclaje, trabajamos con los ni\u00f1os la importancia de cuidar el medio ambiente, a la vez que hacemos algo divertido junto a los m\u00e1s peque\u00f1os de la familia. Adem\u00e1s, las manualidades los ayudan a desarrollar su imaginaci\u00f3n, creatividad y motricidad.\u201d Indic\u00f3<\/p>\n\n\n\n<p>\u201cDentro de las actividades elaboramos una estaci\u00f3n de tren con cajones de madera, creamos nuestra Bandera con maples de huevos, nos preparamos para recibir el invierno con Don Fresquete\u201d, entre otras, se\u00f1al\u00f3 la docente<\/p>\n<div class=\"pdfprnt-buttons pdfprnt-buttons-post pdfprnt-bottom-left\"><a href=\"https:\/\/piedrasblancas.gob.ar\/index.php?rest_route=wpv2posts3634&print=pdf\" class=\"pdfprnt-button pdfprnt-button-pdf\" target=\"_blank\"><img decoding=\"async\" src=\"https:\/\/piedrasblancas-gob-ar-843854.hostingersite.com\/wp-content\/plugins\/pdf-print\/images\/pdf.png\" alt=\"image_pdf\" title=\"Ver PDF\" \/><span class=\"pdfprnt-button-title pdfprnt-button-pdf-title\">Convertir a PDF<\/span><\/a><a href=\"https:\/\/piedrasblancas.gob.ar\/index.php?rest_route=wpv2posts3634&print=print\" class=\"pdfprnt-button pdfprnt-button-print\" target=\"_blank\"><img decoding=\"async\" src=\"https:\/\/piedrasblancas-gob-ar-843854.hostingersite.com\/wp-content\/plugins\/pdf-print\/images\/print.png\" alt=\"image_print\" title=\"Imprimir contenido\" \/><span class=\"pdfprnt-button-title pdfprnt-button-print-title\">Imprimir<\/span><\/a><\/div>","protected":false},"excerpt":{"rendered":"<p>El 5 de Junio se celebra el D\u00eda Mundial del Medio Ambiente, establecido por la Organizaci\u00f3n de las Naciones Unidas (ONU) en 1972, este d\u00eda la ONU sensibiliza a la poblaci\u00f3n mundial en relaci\u00f3n a temas ambientales, en tal sentido desde el Jard\u00edn Maternal Municipal \u00abManitos Traviesas\u00bb, se desarrollan actividades relacionadas a este tema. En relaci\u00f3n a esto Maira Vel\u00e1zquez, docente de la Instituci\u00f3n se\u00f1al\u00f3 \u201cEn el mes del Medio Ambiente en el Jard\u00edn Maternal \u00abManitos Traviesas\u00bb, venimos desarrollando actividades [&hellip;]<\/p>\n","protected":false},"author":1,"featured_media":3635,"comment_status":"closed","ping_status":"closed","sticky":false,"template":"","format":"standard","meta":{"saved_in_kubio":false,"footnotes":""},"categories":[1],"tags":[],"class_list":["post-3634","post","type-post","status-publish","format-standard","has-post-thumbnail","hentry","category-informacion","travel-monster-post","latest_post"],"_links":{"self":[{"href":"https:\/\/piedrasblancas.gob.ar\/index.php?rest_route=\/wp\/v2\/posts\/3634","targetHints":{"allow":["GET"]}}],"collection":[{"href":"https:\/\/piedrasblancas.gob.ar\/index.php?rest_route=\/wp\/v2\/posts"}],"about":[{"href":"https:\/\/piedrasblancas.gob.ar\/index.php?rest_route=\/wp\/v2\/types\/post"}],"author":[{"embeddable":true,"href":"https:\/\/piedrasblancas.gob.ar\/index.php?rest_route=\/wp\/v2\/users\/1"}],"replies":[{"embeddable":true,"href":"https:\/\/piedrasblancas.gob.ar\/index.php?rest_route=%2Fwp%2Fv2%2Fcomments&post=3634"}],"version-history":[{"count":2,"href":"https:\/\/piedrasblancas.gob.ar\/index.php?rest_route=\/wp\/v2\/posts\/3634\/revisions"}],"predecessor-version":[{"id":3775,"href":"https:\/\/piedrasblancas.gob.ar\/index.php?rest_route=\/wp\/v2\/posts\/3634\/revisions\/3775"}],"wp:featuredmedia":[{"embeddable":true,"href":"https:\/\/piedrasblancas.gob.ar\/index.php?rest_route=\/wp\/v2\/media\/3635"}],"wp:attachment":[{"href":"https:\/\/piedrasblancas.gob.ar\/index.php?rest_route=%2Fwp%2Fv2%2Fmedia&parent=3634"}],"wp:term":[{"taxonomy":"category","embeddable":true,"href":"https:\/\/piedrasblancas.gob.ar\/index.php?rest_route=%2Fwp%2Fv2%2Fcategories&post=3634"},{"taxonomy":"post_tag","embeddable":true,"href":"https:\/\/piedrasblancas.gob.ar\/index.php?rest_route=%2Fwp%2Fv2%2Ftags&post=3634"}],"curies":[{"name":"wp","href":"https:\/\/api.w.org\/{rel}","templated":true}]}}